{"id":520,"date":"2024-02-14T15:59:23","date_gmt":"2024-02-14T15:59:23","guid":{"rendered":"https:\/\/www.voiceofceylan.com\/?p=520"},"modified":"2024-02-14T23:41:43","modified_gmt":"2024-02-14T23:41:43","slug":"secteur-de-sante-en-greve-au-sri-lanka","status":"publish","type":"post","link":"https:\/\/www.voiceofceylan.com\/fr\/2024\/02\/14\/520\/","title":{"rendered":"Secteur de sant\u00e9 en gr\u00e8ve\u00a0au sri Lanka !"},"content":{"rendered":"<p>Une gr\u00e8ve nationale a \u00e9t\u00e9 d\u00e9clench\u00e9e par les syndicats dans l\u2019ensemble de secteur de la sant\u00e9 \u00e0 la suite de l&rsquo;incapacit\u00e9 du minist\u00e8re des Finances \u00e0 apporter une solution au conflit concernant l&rsquo;indemnit\u00e9 professionnelle et des primes non vers\u00e9es.<\/p>\n<p>La gr\u00e8ve avait lieu \u00e0 partir de 6h30 de matin le 14 f\u00e9vrier aujourd\u2019hui, un rassemblement avait lieu devant le ministre de la Sant\u00e9 \u00e0 Colombo. Les gr\u00e9vistes ont expos\u00e9 les pancartes exigeant \u00ab la semaine de 5 jours \u00bb, indemnit\u00e9 pour les transports, costumes et les heures suppl\u00e9mentaires etc.<\/p>\n<p>L \u2019origine de l\u2019appel de Gr\u00e8ve est li\u00e9e en raison d&rsquo;avoir vers\u00e9 par le ministre de sant\u00e9 un prime de 35.000rupies \u00e9quivalent de 80\u20ac au profit de m\u00e9decines.<\/p>\n<p>\u00ab C\u2019est une provocation de la part de gouvernement avec pour l&rsquo;objectif de mettre en conflit entre les diverses professions de ce secteur \u00bb d\u00e9noncent les syndicats.<\/p>\n<p>\u00ab Un cadeau empoisonn\u00e9 pour la f\u00eate de saint valentine apr\u00e8s avoir travaill\u00e9 durant deux ans sans demander aucune augmentation de salaire face \u00e0 la crise \u00e9conomique du pays \u00bb, disait une infirmi\u00e8re aux m\u00e9dias.<\/p>\n<p>Une n\u00e9gociation aura lieu demain entre les syndicats et le ministre de la Sant\u00e9 pour trouver une solution. Par cons\u00e9quent, le mouvement social a \u00e9t\u00e9 interrompu \u00e0 la fin de journ\u00e9e en rassurant la population qui se trouve en difficult\u00e9s \u00e0 cause de la gr\u00e8ve et en m\u00eame temps p\u00e9nurie de m\u00e9dicaments et autres services \u00e0 la suite de la crise \u00e9conomique que le pays confronte depuis deux ans.<\/p>\n","protected":false},"excerpt":{"rendered":"<p>Une gr\u00e8ve nationale a \u00e9t\u00e9 d\u00e9clench\u00e9e par les syndicats dans l\u2019ensemble de secteur de la sant\u00e9 \u00e0 la suite de l&rsquo;incapacit\u00e9 du minist\u00e8re des Finances \u00e0 apporter une solution au conflit concernant l&rsquo;indemnit\u00e9 professionnelle et des primes non vers\u00e9es. La gr\u00e8ve avait lieu \u00e0 partir de 6h30 de matin le 14 f\u00e9vrier aujourd\u2019hui, un rassemblement [&hellip;]<\/p>\n","protected":false},"author":4,"featured_media":521,"comment_status":"closed","ping_status":"closed","sticky":false,"template":"","format":"standard","meta":{"inline_featured_image":false,"footnotes":""},"categories":[67,52],"tags":[],"class_list":["post-520","post","type-post","status-publish","format-standard","has-post-thumbnail","hentry","category-economique","category-exclusif"],"_links":{"self":[{"href":"https:\/\/www.voiceofceylan.com\/fr\/wp-json\/wp\/v2\/posts\/520","targetHints":{"allow":["GET"]}}],"collection":[{"href":"https:\/\/www.voiceofceylan.com\/fr\/wp-json\/wp\/v2\/posts"}],"about":[{"href":"https:\/\/www.voiceofceylan.com\/fr\/wp-json\/wp\/v2\/types\/post"}],"author":[{"embeddable":true,"href":"https:\/\/www.voiceofceylan.com\/fr\/wp-json\/wp\/v2\/users\/4"}],"replies":[{"embeddable":true,"href":"https:\/\/www.voiceofceylan.com\/fr\/wp-json\/wp\/v2\/comments?post=520"}],"version-history":[{"count":4,"href":"https:\/\/www.voiceofceylan.com\/fr\/wp-json\/wp\/v2\/posts\/520\/revisions"}],"predecessor-version":[{"id":526,"href":"https:\/\/www.voiceofceylan.com\/fr\/wp-json\/wp\/v2\/posts\/520\/revisions\/526"}],"wp:featuredmedia":[{"embeddable":true,"href":"https:\/\/www.voiceofceylan.com\/fr\/wp-json\/wp\/v2\/media\/521"}],"wp:attachment":[{"href":"https:\/\/www.voiceofceylan.com\/fr\/wp-json\/wp\/v2\/media?parent=520"}],"wp:term":[{"taxonomy":"category","embeddable":true,"href":"https:\/\/www.voiceofceylan.com\/fr\/wp-json\/wp\/v2\/categories?post=520"},{"taxonomy":"post_tag","embeddable":true,"href":"https:\/\/www.voiceofceylan.com\/fr\/wp-json\/wp\/v2\/tags?post=520"}],"curies":[{"name":"wp","href":"https:\/\/api.w.org\/{rel}","templated":true}]}}