{"id":561,"date":"2024-02-21T12:56:06","date_gmt":"2024-02-21T12:56:06","guid":{"rendered":"https:\/\/www.voiceofceylan.com\/?p=561"},"modified":"2024-02-21T12:56:06","modified_gmt":"2024-02-21T12:56:06","slug":"un-front-uni-de-syndicats-contre-la-vente-de-ressources-du-pays","status":"publish","type":"post","link":"https:\/\/www.voiceofceylan.com\/fr\/2024\/02\/21\/561\/","title":{"rendered":"Un front uni de syndicats contre la vente de ressources du pays\u00a0!"},"content":{"rendered":"<p>Mercredi (21) f\u00e9vrier un rassemblement commun sera organis\u00e9 \u00e0 Colombo pour s&rsquo;opposer \u00e0 la vente des ressources \u00e9conomiques du pays. Organis\u00e9e par le Mouvement pour la protection des ressources nationales, la d\u00e9monstration va rassembler de diff\u00e9rents syndicats, notamment ceux des secteurs des t\u00e9l\u00e9communications, des postes, des banques, de l&rsquo;\u00e9lectricit\u00e9 et des assurances.<\/p>\n<p>&nbsp;<\/p>\n<p>Chinthaka Bandara, co-organisateur du Mouvement pour la protection des ressources nationales contre la privatisation dans le cadre de programme d\u2019aust\u00e9rit\u00e9 impos\u00e9 par le FMI a alert\u00e9 que la menace imminente de la vente de pr\u00e8s de 40 entreprises publiques. La manifestation vise \u00e0 exprimer une opposition collective au projet de vente et \u00e0 attirer l&rsquo;attention de la population sur les pr\u00e9occupations soulev\u00e9es par les travailleurs de ces secteurs soumis en vente.<\/p>\n<p>&nbsp;<\/p>\n<p>La manifestation refl\u00e8te un engagement partag\u00e9 entre divers secteurs \u00e0 prot\u00e9ger et \u00e0 pr\u00e9server les ressources de l&rsquo;\u00c9tat, signalant une position unifi\u00e9e contre les efforts de privatisation. Alors que les plans de protestation se d\u00e9roulent, les organisateurs s&rsquo;attendent \u00e0 une forte repr\u00e9sentation des travailleurs qui militent pour la protection des ressources \u00e9conomiques du pays.<\/p>\n","protected":false},"excerpt":{"rendered":"<p>Mercredi (21) f\u00e9vrier un rassemblement commun sera organis\u00e9 \u00e0 Colombo pour s&rsquo;opposer \u00e0 la vente des ressources \u00e9conomiques du pays. Organis\u00e9e par le Mouvement pour la protection des ressources nationales, la d\u00e9monstration va rassembler de diff\u00e9rents syndicats, notamment ceux des secteurs des t\u00e9l\u00e9communications, des postes, des banques, de l&rsquo;\u00e9lectricit\u00e9 et des assurances. &nbsp; Chinthaka Bandara, [&hellip;]<\/p>\n","protected":false},"author":4,"featured_media":562,"comment_status":"closed","ping_status":"closed","sticky":false,"template":"","format":"standard","meta":{"inline_featured_image":false,"footnotes":""},"categories":[58],"tags":[],"class_list":["post-561","post","type-post","status-publish","format-standard","has-post-thumbnail","hentry","category-faits-divers"],"_links":{"self":[{"href":"https:\/\/www.voiceofceylan.com\/fr\/wp-json\/wp\/v2\/posts\/561","targetHints":{"allow":["GET"]}}],"collection":[{"href":"https:\/\/www.voiceofceylan.com\/fr\/wp-json\/wp\/v2\/posts"}],"about":[{"href":"https:\/\/www.voiceofceylan.com\/fr\/wp-json\/wp\/v2\/types\/post"}],"author":[{"embeddable":true,"href":"https:\/\/www.voiceofceylan.com\/fr\/wp-json\/wp\/v2\/users\/4"}],"replies":[{"embeddable":true,"href":"https:\/\/www.voiceofceylan.com\/fr\/wp-json\/wp\/v2\/comments?post=561"}],"version-history":[{"count":1,"href":"https:\/\/www.voiceofceylan.com\/fr\/wp-json\/wp\/v2\/posts\/561\/revisions"}],"predecessor-version":[{"id":564,"href":"https:\/\/www.voiceofceylan.com\/fr\/wp-json\/wp\/v2\/posts\/561\/revisions\/564"}],"wp:featuredmedia":[{"embeddable":true,"href":"https:\/\/www.voiceofceylan.com\/fr\/wp-json\/wp\/v2\/media\/562"}],"wp:attachment":[{"href":"https:\/\/www.voiceofceylan.com\/fr\/wp-json\/wp\/v2\/media?parent=561"}],"wp:term":[{"taxonomy":"category","embeddable":true,"href":"https:\/\/www.voiceofceylan.com\/fr\/wp-json\/wp\/v2\/categories?post=561"},{"taxonomy":"post_tag","embeddable":true,"href":"https:\/\/www.voiceofceylan.com\/fr\/wp-json\/wp\/v2\/tags?post=561"}],"curies":[{"name":"wp","href":"https:\/\/api.w.org\/{rel}","templated":true}]}}