{"id":681,"date":"2024-08-01T11:26:22","date_gmt":"2024-08-01T11:26:22","guid":{"rendered":"https:\/\/www.voiceofceylan.com\/?p=681"},"modified":"2024-08-01T11:37:48","modified_gmt":"2024-08-01T11:37:48","slug":"election-presidentielle-aura-lieu-21-septembre-la-gauche-radicale-favori","status":"publish","type":"post","link":"https:\/\/www.voiceofceylan.com\/fr\/2024\/08\/01\/681\/","title":{"rendered":"Election pr\u00e9sidentielle aura lieu au 21 septembre\u00a0! La gauche radicale favori\u00a0?"},"content":{"rendered":"<p>Le Sri Lanka organisera son \u00e9lection pr\u00e9sidentielle \u00e0 son tour le 21 septembre, qui sera un test de confiance dans les efforts du pr\u00e9sident Ranil Wickremesinghe qui n\u2019\u00e9tait \u00e9lu que au sein de le vote controvers\u00e9 de l\u2019assembl\u00e9 nationale pour r\u00e9soudre la pire crise \u00e9conomique du pays.<\/p>\n<p>La date a \u00e9t\u00e9 annonc\u00e9e par la commission \u00e9lectorale ind\u00e9pendante du pays qui a d\u00e9clar\u00e9 que les candidatures doivent \u00eatre enregistr\u00e9s le 15 ao\u00fbt prochaine.<\/p>\n<p>Wickremesinghe qui est lui- m\u00eame impliqu\u00e9 \u00e0 une affaire de fraude bancaire lors qu\u2019il \u00e9tait premier ministre en 2015 devrait se pr\u00e9senter avec les soutiens de clan RAJAPAKSHA et ses alli\u00e9s. Ses principaux rivaux seront le chef de l&rsquo;opposition Sajith Premadasa et candidat de la gauche radicale M. Anura Dissanayake qui a gagn\u00e9 en popularit\u00e9 apr\u00e8s la d\u00e9b\u00e2cle \u00e9conomique.<\/p>\n<p>&nbsp;<\/p>\n<p>Il s&rsquo;agira de la premi\u00e8re \u00e9lection dans la nation insulaire d&rsquo;Asie du Sud apr\u00e8s qu&rsquo;elle ait d\u00e9clar\u00e9 faillite en 2022 et suspendu le remboursement de quelque 83 milliards de dollars de pr\u00eats nationaux et \u00e9trangers. Cela fait suite \u00e0 une grave crise des changes qui a entra\u00een\u00e9 une grave p\u00e9nurie de produits de premi\u00e8re n\u00e9cessit\u00e9 tels que la nourriture, les m\u00e9dicaments, le carburant et le gaz de cuisine, et des pannes de courant prolong\u00e9es.<\/p>\n<p>&nbsp;<\/p>\n<p>L\u2019\u00e9lection est largement consid\u00e9r\u00e9e comme un vote crucial pour les efforts de la nation insulaire visant \u00e0 conclure un programme crucial de restructuration de la dette et \u00e0 achever les r\u00e9formes financi\u00e8res convenues dans le cadre d\u2019un programme de sauvetage du Fonds mon\u00e9taire international.<\/p>\n<p>Tous les sondages d\u00e9montrent la gauche radicale porteras l\u2019\u00e9lection avec le 51% suffrages exprim\u00e9s. La gauche radicale est une coalition de plusieurs partis dont le front de lib\u00e9ration populaire qui est instigateur de deux soul\u00e8vements populaires arm\u00e9s contre les pouvoirs respectivement en 1971 et 1987-89. Quant au pr\u00e9sident WIKREMASINGHE cherche les allies \u00e9lectorale avec le Clan RAJAPAKSHA et l\u2019opposition social-d\u00e9mocrate de M.SAJITH PREMADASA qui lui-m\u00eame \u00e9tait le bras droit d\u2019UNP jusqu&rsquo;au 2021, le parti politique du pr\u00e9sident.<\/p>\n<p>&nbsp;<\/p>\n","protected":false},"excerpt":{"rendered":"<p>Le Sri Lanka organisera son \u00e9lection pr\u00e9sidentielle \u00e0 son tour le 21 septembre, qui sera un test de confiance dans les efforts du pr\u00e9sident Ranil Wickremesinghe qui n\u2019\u00e9tait \u00e9lu que au sein de le vote controvers\u00e9 de l\u2019assembl\u00e9 nationale pour r\u00e9soudre la pire crise \u00e9conomique du pays. La date a \u00e9t\u00e9 annonc\u00e9e par la commission [&hellip;]<\/p>\n","protected":false},"author":4,"featured_media":682,"comment_status":"closed","ping_status":"closed","sticky":false,"template":"","format":"standard","meta":{"inline_featured_image":false,"footnotes":""},"categories":[52,56],"tags":[],"class_list":["post-681","post","type-post","status-publish","format-standard","has-post-thumbnail","hentry","category-exclusif","category-politique"],"_links":{"self":[{"href":"https:\/\/www.voiceofceylan.com\/fr\/wp-json\/wp\/v2\/posts\/681","targetHints":{"allow":["GET"]}}],"collection":[{"href":"https:\/\/www.voiceofceylan.com\/fr\/wp-json\/wp\/v2\/posts"}],"about":[{"href":"https:\/\/www.voiceofceylan.com\/fr\/wp-json\/wp\/v2\/types\/post"}],"author":[{"embeddable":true,"href":"https:\/\/www.voiceofceylan.com\/fr\/wp-json\/wp\/v2\/users\/4"}],"replies":[{"embeddable":true,"href":"https:\/\/www.voiceofceylan.com\/fr\/wp-json\/wp\/v2\/comments?post=681"}],"version-history":[{"count":4,"href":"https:\/\/www.voiceofceylan.com\/fr\/wp-json\/wp\/v2\/posts\/681\/revisions"}],"predecessor-version":[{"id":687,"href":"https:\/\/www.voiceofceylan.com\/fr\/wp-json\/wp\/v2\/posts\/681\/revisions\/687"}],"wp:featuredmedia":[{"embeddable":true,"href":"https:\/\/www.voiceofceylan.com\/fr\/wp-json\/wp\/v2\/media\/682"}],"wp:attachment":[{"href":"https:\/\/www.voiceofceylan.com\/fr\/wp-json\/wp\/v2\/media?parent=681"}],"wp:term":[{"taxonomy":"category","embeddable":true,"href":"https:\/\/www.voiceofceylan.com\/fr\/wp-json\/wp\/v2\/categories?post=681"},{"taxonomy":"post_tag","embeddable":true,"href":"https:\/\/www.voiceofceylan.com\/fr\/wp-json\/wp\/v2\/tags?post=681"}],"curies":[{"name":"wp","href":"https:\/\/api.w.org\/{rel}","templated":true}]}}